{"id":150,"date":"2024-04-08T19:09:08","date_gmt":"2024-04-08T17:09:08","guid":{"rendered":"https:\/\/serenamente.cl\/?p=150"},"modified":"2024-04-08T22:01:02","modified_gmt":"2024-04-08T20:01:02","slug":"capacitacion-sobre-intervencion-convive-serenamente-para-el-ano-2024","status":"publish","type":"post","link":"https:\/\/serenamente.cl\/index.php\/2024\/04\/08\/capacitacion-sobre-intervencion-convive-serenamente-para-el-ano-2024\/","title":{"rendered":"Capacitaci\u00f3n sobre intervenci\u00f3n convive serenamente para el a\u00f1o 2024"},"content":{"rendered":"\n<p>El pasado se llevo a cabo la capacitaci\u00f3n sobre intervenci\u00f3n Convive Serenamente para el a\u00f1o 2024, en la capacitaci\u00f3n que se llevo a cabo en el CAPSI de la Universidad de Concepci\u00f3n, participo parte del equipo de Biob\u00edo y de manera remota el equipo de Coquimbo.<\/p>\n\n\n\n<figure class=\"wp-block-gallery has-nested-images columns-default is-cropped wp-block-gallery-1 is-layout-flex wp-block-gallery-is-layout-flex\">\n<figure class=\"wp-block-image size-large\"><img fetchpriority=\"high\" decoding=\"async\" width=\"1024\" height=\"768\" data-id=\"157\" src=\"https:\/\/serenamente.cl\/wp-content\/uploads\/2024\/04\/Capacitacion-convive-serenamente-2024-1-1-1024x768.jpeg\" alt=\"\" class=\"wp-image-157\" srcset=\"https:\/\/serenamente.cl\/wp-content\/uploads\/2024\/04\/Capacitacion-convive-serenamente-2024-1-1-1024x768.jpeg 1024w, https:\/\/serenamente.cl\/wp-content\/uploads\/2024\/04\/Capacitacion-convive-serenamente-2024-1-1-300x225.jpeg 300w, https:\/\/serenamente.cl\/wp-content\/uploads\/2024\/04\/Capacitacion-convive-serenamente-2024-1-1-768x576.jpeg 768w, https:\/\/serenamente.cl\/wp-content\/uploads\/2024\/04\/Capacitacion-convive-serenamente-2024-1-1-1536x1152.jpeg 1536w, https:\/\/serenamente.cl\/wp-content\/uploads\/2024\/04\/Capacitacion-convive-serenamente-2024-1-1.jpeg 1600w\" sizes=\"(max-width: 1024px) 100vw, 1024px\" \/><\/figure>\n<\/figure>\n","protected":false},"excerpt":{"rendered":"<p>El pasado se llevo a cabo la capacitaci\u00f3n sobre intervenci\u00f3n Convive Serenamente para el a\u00f1o 2024, en la capacitaci\u00f3n que se llevo a cabo en el CAPSI de la Universidad de Concepci\u00f3n, participo parte del equipo de Biob\u00edo y de manera remota el equipo de Coquimbo.<\/p>\n","protected":false},"author":1,"featured_media":158,"comment_status":"open","ping_status":"open","sticky":false,"template":"","format":"standard","meta":{"footnotes":""},"categories":[7],"tags":[],"_links":{"self":[{"href":"https:\/\/serenamente.cl\/index.php\/wp-json\/wp\/v2\/posts\/150"}],"collection":[{"href":"https:\/\/serenamente.cl\/index.php\/wp-json\/wp\/v2\/posts"}],"about":[{"href":"https:\/\/serenamente.cl\/index.php\/wp-json\/wp\/v2\/types\/post"}],"author":[{"embeddable":true,"href":"https:\/\/serenamente.cl\/index.php\/wp-json\/wp\/v2\/users\/1"}],"replies":[{"embeddable":true,"href":"https:\/\/serenamente.cl\/index.php\/wp-json\/wp\/v2\/comments?post=150"}],"version-history":[{"count":2,"href":"https:\/\/serenamente.cl\/index.php\/wp-json\/wp\/v2\/posts\/150\/revisions"}],"predecessor-version":[{"id":160,"href":"https:\/\/serenamente.cl\/index.php\/wp-json\/wp\/v2\/posts\/150\/revisions\/160"}],"wp:featuredmedia":[{"embeddable":true,"href":"https:\/\/serenamente.cl\/index.php\/wp-json\/wp\/v2\/media\/158"}],"wp:attachment":[{"href":"https:\/\/serenamente.cl\/index.php\/wp-json\/wp\/v2\/media?parent=150"}],"wp:term":[{"taxonomy":"category","embeddable":true,"href":"https:\/\/serenamente.cl\/index.php\/wp-json\/wp\/v2\/categories?post=150"},{"taxonomy":"post_tag","embeddable":true,"href":"https:\/\/serenamente.cl\/index.php\/wp-json\/wp\/v2\/tags?post=150"}],"curies":[{"name":"wp","href":"https:\/\/api.w.org\/{rel}","templated":true}]}}