{"id":184,"date":"2024-11-26T05:00:00","date_gmt":"2024-11-26T04:00:00","guid":{"rendered":"https:\/\/serenamente.cl\/?p=184"},"modified":"2024-12-21T05:01:35","modified_gmt":"2024-12-21T04:01:35","slug":"proyecto-convive-serenamente-tesistas-y-facilitadoras-participan-en-feria-de-la-ninez-y-adolescencia-udec","status":"publish","type":"post","link":"https:\/\/serenamente.cl\/index.php\/2024\/11\/26\/proyecto-convive-serenamente-tesistas-y-facilitadoras-participan-en-feria-de-la-ninez-y-adolescencia-udec\/","title":{"rendered":"Proyecto \u201cConvive Serenamente\u201d: Tesistas y Facilitadoras participan en \u201cFeria de la Ni\u00f1ez y Adolescencia\u201d UdeC"},"content":{"rendered":"\n<p>El d\u00eda 23 de noviembre el equipo de tesistas y facilitadoras del proyecto \u00abConvive Serenamente\u00bb participaron en la \u201cFeria de la Ni\u00f1ez y Adolescencia\u201d organizada por nuestra casa de estudios. &nbsp;En esta actividad, las colaboradoras adaptaron actividades de mindfulness y temporalidad dise\u00f1ando juegos para los asistentes.<\/p>\n\n\n\n<p>La coordinadora de la actividad fue la estudiante de Mg. en Psicolog\u00eda Magdalena Aravena, y participaron las facilitadoras Yosselyn Valdebenito y Sara Betancur, adem\u00e1s, participaron las tesistas de seminario Valentina \u00c1lvarez, Catalina Aguayo, Javiera Rojas, Matilde Rubilar, Javiera Palma, Fernanda Cravero y la tesista de Magister \u00darsula Cea.&nbsp;<\/p>\n\n\n\n<figure class=\"wp-block-image\"><img decoding=\"async\" src=\"https:\/\/psicologiaudec.cl\/wp-content\/uploads\/2024\/11\/imagen-5.png\" alt=\"\" class=\"wp-image-3439\"\/><\/figure>\n\n\n\n<p>El proyecto \u00abConvive Serenamente\u00bb corresponde al proyecto Fondecyt 1231891, dirigido por el profesor Cristi\u00e1n Oyanadel V\u00e9liz, y sus co-investigadores del Departamento de Psicolog\u00eda, profesora Yaranay L\u00f3pez, profesor Claudio Bustos y el profesor Javier Latorre de la Universidad de La Serena.&nbsp;&nbsp;<\/p>\n\n\n\n<p>Desde el Departamento de Psicolog\u00eda agradecemos y destacamos la importante colaboraci\u00f3n de alumnas tesistas y facilitadoras en actividades que fortalecen la pr\u00e1ctica de la Psicolog\u00eda hacia la comunidad. &nbsp;<\/p>\n","protected":false},"excerpt":{"rendered":"<p>El d\u00eda 23 de noviembre el equipo de tesistas y facilitadoras del proyecto \u00abConvive Serenamente\u00bb participaron en la \u201cFeria de la Ni\u00f1ez y Adolescencia\u201d organizada por nuestra casa de estudios. &nbsp;En esta actividad, las colaboradoras adaptaron actividades de mindfulness y temporalidad dise\u00f1ando juegos para los asistentes. La coordinadora de la actividad fue la estudiante de [&hellip;]<\/p>\n","protected":false},"author":1,"featured_media":185,"comment_status":"open","ping_status":"open","sticky":false,"template":"","format":"standard","meta":{"footnotes":""},"categories":[7],"tags":[],"_links":{"self":[{"href":"https:\/\/serenamente.cl\/index.php\/wp-json\/wp\/v2\/posts\/184"}],"collection":[{"href":"https:\/\/serenamente.cl\/index.php\/wp-json\/wp\/v2\/posts"}],"about":[{"href":"https:\/\/serenamente.cl\/index.php\/wp-json\/wp\/v2\/types\/post"}],"author":[{"embeddable":true,"href":"https:\/\/serenamente.cl\/index.php\/wp-json\/wp\/v2\/users\/1"}],"replies":[{"embeddable":true,"href":"https:\/\/serenamente.cl\/index.php\/wp-json\/wp\/v2\/comments?post=184"}],"version-history":[{"count":1,"href":"https:\/\/serenamente.cl\/index.php\/wp-json\/wp\/v2\/posts\/184\/revisions"}],"predecessor-version":[{"id":186,"href":"https:\/\/serenamente.cl\/index.php\/wp-json\/wp\/v2\/posts\/184\/revisions\/186"}],"wp:featuredmedia":[{"embeddable":true,"href":"https:\/\/serenamente.cl\/index.php\/wp-json\/wp\/v2\/media\/185"}],"wp:attachment":[{"href":"https:\/\/serenamente.cl\/index.php\/wp-json\/wp\/v2\/media?parent=184"}],"wp:term":[{"taxonomy":"category","embeddable":true,"href":"https:\/\/serenamente.cl\/index.php\/wp-json\/wp\/v2\/categories?post=184"},{"taxonomy":"post_tag","embeddable":true,"href":"https:\/\/serenamente.cl\/index.php\/wp-json\/wp\/v2\/tags?post=184"}],"curies":[{"name":"wp","href":"https:\/\/api.w.org\/{rel}","templated":true}]}}